{"id":3414,"date":"2026-04-28T16:56:41","date_gmt":"2026-04-28T14:56:41","guid":{"rendered":"https:\/\/www.feuerwehr-wattenberg.at\/?p=3414"},"modified":"2026-04-28T16:56:41","modified_gmt":"2026-04-28T14:56:41","slug":"probenstart","status":"publish","type":"post","link":"https:\/\/www.feuerwehr-wattenberg.at\/?p=3414","title":{"rendered":"Probenstart"},"content":{"rendered":"\n<p>Am 23. April wurde die erste Fr\u00fchjahrs\u00fcbung durchgef\u00fchrt. Dabei wurden zwei Einsatzszenarien bew\u00e4ltigt: Zum einen musste ein unter Baumst\u00e4mmen eingeklemmter Forstarbeiter mithilfe von Hebekissen befreit werden, zum anderen erfolgte die Eind\u00e4mmung eines Wald- und Flurbrandes durch den Einsatz von B- und C-Strahlrohren. Die Wasserversorgung f\u00fcr das Tankl\u00f6schfahrzeug (TLF-A) konnte aus einem neu installierten Hydranten sichergestellt werden. Zus\u00e4tzlich kamen L\u00f6schrucks\u00e4cke zum Einsatz, die aufgrund ihrer leichten und robusten Bauweise besonders f\u00fcr die Brandbek\u00e4mpfung in schwierigem Gel\u00e4nde geeignet sind.<\/p>\n\n\n\n<figure class=\"wp-block-gallery has-nested-images columns-default is-cropped wp-block-gallery-1 is-layout-flex wp-block-gallery-is-layout-flex\">\n<figure class=\"wp-block-image size-large\"><img loading=\"lazy\" decoding=\"async\" width=\"768\" height=\"1024\" data-id=\"3417\" src=\"https:\/\/www.feuerwehr-wattenberg.at\/wp-content\/uploads\/2026\/04\/20260423_202545-768x1024.jpg\" alt=\"\" class=\"wp-image-3417\" srcset=\"https:\/\/www.feuerwehr-wattenberg.at\/wp-content\/uploads\/2026\/04\/20260423_202545-768x1024.jpg 768w, https:\/\/www.feuerwehr-wattenberg.at\/wp-content\/uploads\/2026\/04\/20260423_202545-225x300.jpg 225w, https:\/\/www.feuerwehr-wattenberg.at\/wp-content\/uploads\/2026\/04\/20260423_202545-1152x1536.jpg 1152w, https:\/\/www.feuerwehr-wattenberg.at\/wp-content\/uploads\/2026\/04\/20260423_202545-1536x2048.jpg 1536w, https:\/\/www.feuerwehr-wattenberg.at\/wp-content\/uploads\/2026\/04\/20260423_202545-113x150.jpg 113w, https:\/\/www.feuerwehr-wattenberg.at\/wp-content\/uploads\/2026\/04\/20260423_202545-scaled.jpg 1920w\" sizes=\"auto, (max-width: 768px) 100vw, 768px\" \/><\/figure>\n\n\n\n<figure class=\"wp-block-image size-large\"><img loading=\"lazy\" decoding=\"async\" width=\"768\" height=\"1024\" data-id=\"3418\" src=\"https:\/\/www.feuerwehr-wattenberg.at\/wp-content\/uploads\/2026\/04\/20260423_202554-768x1024.jpg\" alt=\"\" class=\"wp-image-3418\" srcset=\"https:\/\/www.feuerwehr-wattenberg.at\/wp-content\/uploads\/2026\/04\/20260423_202554-768x1024.jpg 768w, https:\/\/www.feuerwehr-wattenberg.at\/wp-content\/uploads\/2026\/04\/20260423_202554-225x300.jpg 225w, https:\/\/www.feuerwehr-wattenberg.at\/wp-content\/uploads\/2026\/04\/20260423_202554-1152x1536.jpg 1152w, https:\/\/www.feuerwehr-wattenberg.at\/wp-content\/uploads\/2026\/04\/20260423_202554-1536x2048.jpg 1536w, https:\/\/www.feuerwehr-wattenberg.at\/wp-content\/uploads\/2026\/04\/20260423_202554-113x150.jpg 113w, https:\/\/www.feuerwehr-wattenberg.at\/wp-content\/uploads\/2026\/04\/20260423_202554-scaled.jpg 1920w\" sizes=\"auto, (max-width: 768px) 100vw, 768px\" \/><\/figure>\n\n\n\n<figure class=\"wp-block-image size-large\"><img loading=\"lazy\" decoding=\"async\" width=\"768\" height=\"1024\" data-id=\"3419\" src=\"https:\/\/www.feuerwehr-wattenberg.at\/wp-content\/uploads\/2026\/04\/20260423_202937-768x1024.jpg\" alt=\"\" class=\"wp-image-3419\" srcset=\"https:\/\/www.feuerwehr-wattenberg.at\/wp-content\/uploads\/2026\/04\/20260423_202937-768x1024.jpg 768w, https:\/\/www.feuerwehr-wattenberg.at\/wp-content\/uploads\/2026\/04\/20260423_202937-225x300.jpg 225w, https:\/\/www.feuerwehr-wattenberg.at\/wp-content\/uploads\/2026\/04\/20260423_202937-1152x1536.jpg 1152w, https:\/\/www.feuerwehr-wattenberg.at\/wp-content\/uploads\/2026\/04\/20260423_202937-1536x2048.jpg 1536w, https:\/\/www.feuerwehr-wattenberg.at\/wp-content\/uploads\/2026\/04\/20260423_202937-113x150.jpg 113w, https:\/\/www.feuerwehr-wattenberg.at\/wp-content\/uploads\/2026\/04\/20260423_202937-scaled.jpg 1920w\" sizes=\"auto, (max-width: 768px) 100vw, 768px\" \/><\/figure>\n\n\n\n<figure class=\"wp-block-image size-large\"><img loading=\"lazy\" decoding=\"async\" width=\"768\" height=\"1024\" data-id=\"3420\" src=\"https:\/\/www.feuerwehr-wattenberg.at\/wp-content\/uploads\/2026\/04\/20260423_203041-768x1024.jpg\" alt=\"\" class=\"wp-image-3420\" srcset=\"https:\/\/www.feuerwehr-wattenberg.at\/wp-content\/uploads\/2026\/04\/20260423_203041-768x1024.jpg 768w, https:\/\/www.feuerwehr-wattenberg.at\/wp-content\/uploads\/2026\/04\/20260423_203041-225x300.jpg 225w, https:\/\/www.feuerwehr-wattenberg.at\/wp-content\/uploads\/2026\/04\/20260423_203041-1152x1536.jpg 1152w, https:\/\/www.feuerwehr-wattenberg.at\/wp-content\/uploads\/2026\/04\/20260423_203041-1536x2048.jpg 1536w, https:\/\/www.feuerwehr-wattenberg.at\/wp-content\/uploads\/2026\/04\/20260423_203041-113x150.jpg 113w, https:\/\/www.feuerwehr-wattenberg.at\/wp-content\/uploads\/2026\/04\/20260423_203041-scaled.jpg 1920w\" sizes=\"auto, (max-width: 768px) 100vw, 768px\" \/><\/figure>\n\n\n\n<figure class=\"wp-block-image size-large\"><img loading=\"lazy\" decoding=\"async\" width=\"768\" height=\"1024\" data-id=\"3421\" src=\"https:\/\/www.feuerwehr-wattenberg.at\/wp-content\/uploads\/2026\/04\/20260423_203304-768x1024.jpg\" alt=\"\" class=\"wp-image-3421\" srcset=\"https:\/\/www.feuerwehr-wattenberg.at\/wp-content\/uploads\/2026\/04\/20260423_203304-768x1024.jpg 768w, https:\/\/www.feuerwehr-wattenberg.at\/wp-content\/uploads\/2026\/04\/20260423_203304-225x300.jpg 225w, https:\/\/www.feuerwehr-wattenberg.at\/wp-content\/uploads\/2026\/04\/20260423_203304-1152x1536.jpg 1152w, https:\/\/www.feuerwehr-wattenberg.at\/wp-content\/uploads\/2026\/04\/20260423_203304-1536x2048.jpg 1536w, https:\/\/www.feuerwehr-wattenberg.at\/wp-content\/uploads\/2026\/04\/20260423_203304-113x150.jpg 113w, https:\/\/www.feuerwehr-wattenberg.at\/wp-content\/uploads\/2026\/04\/20260423_203304-scaled.jpg 1920w\" sizes=\"auto, (max-width: 768px) 100vw, 768px\" \/><\/figure>\n\n\n\n<figure class=\"wp-block-image size-large\"><img loading=\"lazy\" decoding=\"async\" width=\"768\" height=\"1024\" data-id=\"3422\" src=\"https:\/\/www.feuerwehr-wattenberg.at\/wp-content\/uploads\/2026\/04\/20260423_203749-768x1024.jpg\" alt=\"\" class=\"wp-image-3422\" srcset=\"https:\/\/www.feuerwehr-wattenberg.at\/wp-content\/uploads\/2026\/04\/20260423_203749-768x1024.jpg 768w, https:\/\/www.feuerwehr-wattenberg.at\/wp-content\/uploads\/2026\/04\/20260423_203749-225x300.jpg 225w, https:\/\/www.feuerwehr-wattenberg.at\/wp-content\/uploads\/2026\/04\/20260423_203749-1152x1536.jpg 1152w, https:\/\/www.feuerwehr-wattenberg.at\/wp-content\/uploads\/2026\/04\/20260423_203749-1536x2048.jpg 1536w, https:\/\/www.feuerwehr-wattenberg.at\/wp-content\/uploads\/2026\/04\/20260423_203749-113x150.jpg 113w, https:\/\/www.feuerwehr-wattenberg.at\/wp-content\/uploads\/2026\/04\/20260423_203749-scaled.jpg 1920w\" sizes=\"auto, (max-width: 768px) 100vw, 768px\" \/><\/figure>\n<\/figure>\n","protected":false},"excerpt":{"rendered":"<p>Am 23. April wurde die erste Fr\u00fchjahrs\u00fcbung durchgef\u00fchrt. Dabei wurden zwei Einsatzszenarien bew\u00e4ltigt: Zum einen musste ein unter Baumst\u00e4mmen eingeklemmter Forstarbeiter mithilfe von Hebekissen befreit werden, zum anderen erfolgte die Eind\u00e4mmung eines Wald- und Flurbrandes durch den Einsatz von B- und C-Strahlrohren. Die Wasserversorgung f\u00fcr das Tankl\u00f6schfahrzeug (TLF-A) konnte aus&#8230;<\/p>\n<p> <a class=\"continue-reading-link\" href=\"https:\/\/www.feuerwehr-wattenberg.at\/?p=3414\"><span>WEITERLESEN<\/span><i class=\"crycon-right-dir\"><\/i><\/a> <\/p>\n","protected":false},"author":1,"featured_media":3416,"comment_status":"closed","ping_status":"closed","sticky":false,"template":"","format":"standard","meta":{"footnotes":""},"categories":[18],"tags":[],"class_list":["post-3414","post","type-post","status-publish","format-standard","has-post-thumbnail","hentry","category-berichte-feuerwehruebungen"],"amp_enabled":true,"_links":{"self":[{"href":"https:\/\/www.feuerwehr-wattenberg.at\/index.php?rest_route=\/wp\/v2\/posts\/3414","targetHints":{"allow":["GET"]}}],"collection":[{"href":"https:\/\/www.feuerwehr-wattenberg.at\/index.php?rest_route=\/wp\/v2\/posts"}],"about":[{"href":"https:\/\/www.feuerwehr-wattenberg.at\/index.php?rest_route=\/wp\/v2\/types\/post"}],"author":[{"embeddable":true,"href":"https:\/\/www.feuerwehr-wattenberg.at\/index.php?rest_route=\/wp\/v2\/users\/1"}],"replies":[{"embeddable":true,"href":"https:\/\/www.feuerwehr-wattenberg.at\/index.php?rest_route=%2Fwp%2Fv2%2Fcomments&post=3414"}],"version-history":[{"count":2,"href":"https:\/\/www.feuerwehr-wattenberg.at\/index.php?rest_route=\/wp\/v2\/posts\/3414\/revisions"}],"predecessor-version":[{"id":3423,"href":"https:\/\/www.feuerwehr-wattenberg.at\/index.php?rest_route=\/wp\/v2\/posts\/3414\/revisions\/3423"}],"wp:featuredmedia":[{"embeddable":true,"href":"https:\/\/www.feuerwehr-wattenberg.at\/index.php?rest_route=\/wp\/v2\/media\/3416"}],"wp:attachment":[{"href":"https:\/\/www.feuerwehr-wattenberg.at\/index.php?rest_route=%2Fwp%2Fv2%2Fmedia&parent=3414"}],"wp:term":[{"taxonomy":"category","embeddable":true,"href":"https:\/\/www.feuerwehr-wattenberg.at\/index.php?rest_route=%2Fwp%2Fv2%2Fcategories&post=3414"},{"taxonomy":"post_tag","embeddable":true,"href":"https:\/\/www.feuerwehr-wattenberg.at\/index.php?rest_route=%2Fwp%2Fv2%2Ftags&post=3414"}],"curies":[{"name":"wp","href":"https:\/\/api.w.org\/{rel}","templated":true}]}}