{"id":1692,"date":"2021-10-03T18:53:00","date_gmt":"2021-10-03T16:53:00","guid":{"rendered":"https:\/\/www.feuerwehr-wattenberg.at\/?p=1692"},"modified":"2021-10-04T18:54:03","modified_gmt":"2021-10-04T16:54:03","slug":"abschnittsuebung","status":"publish","type":"post","link":"https:\/\/www.feuerwehr-wattenberg.at\/?p=1692","title":{"rendered":"Abschnitts\u00fcbung"},"content":{"rendered":"\n<p>Am 2. Oktober konnte nach \u00fcber eineinhalb Jahren wieder gemeinsam ge\u00fcbt werden. Die Feuerwehr Wattens organisierte die diesj\u00e4hrige Abschnitts\u00fcbung des Abschnittes Wattens. Ein \u00dcbungsszenario wurde in Wattens durchgef\u00fchrt, die zweite \u00dcbung fand am V\u00f6gelsberg, wo die Feuerwehr Wattenberg als \u00dcbungsteilnehmer eingebunden war, statt. Die Annahme war starke Rauchent-wicklung  mit eingeschlossenen Kindern in der Volksschule am V\u00f6gelsberg.<\/p>\n\n\n\n<figure class=\"wp-block-image size-large\"><img loading=\"lazy\" decoding=\"async\" width=\"1024\" height=\"768\" src=\"https:\/\/www.feuerwehr-wattenberg.at\/wp-content\/uploads\/2021\/10\/IMG-20211002-WA0018-1024x768.jpg\" alt=\"\" class=\"wp-image-1698\" srcset=\"https:\/\/www.feuerwehr-wattenberg.at\/wp-content\/uploads\/2021\/10\/IMG-20211002-WA0018-1024x768.jpg 1024w, https:\/\/www.feuerwehr-wattenberg.at\/wp-content\/uploads\/2021\/10\/IMG-20211002-WA0018-300x225.jpg 300w, https:\/\/www.feuerwehr-wattenberg.at\/wp-content\/uploads\/2021\/10\/IMG-20211002-WA0018-768x576.jpg 768w, https:\/\/www.feuerwehr-wattenberg.at\/wp-content\/uploads\/2021\/10\/IMG-20211002-WA0018-1536x1152.jpg 1536w, https:\/\/www.feuerwehr-wattenberg.at\/wp-content\/uploads\/2021\/10\/IMG-20211002-WA0018-676x507.jpg 676w, https:\/\/www.feuerwehr-wattenberg.at\/wp-content\/uploads\/2021\/10\/IMG-20211002-WA0018.jpg 2048w\" sizes=\"auto, (max-width: 1024px) 100vw, 1024px\" \/><\/figure>\n\n\n\n<figure class=\"wp-block-image size-large\"><img loading=\"lazy\" decoding=\"async\" width=\"1024\" height=\"768\" src=\"https:\/\/www.feuerwehr-wattenberg.at\/wp-content\/uploads\/2021\/10\/IMG-20211002-WA0010-1024x768.jpg\" alt=\"\" class=\"wp-image-1697\" srcset=\"https:\/\/www.feuerwehr-wattenberg.at\/wp-content\/uploads\/2021\/10\/IMG-20211002-WA0010-1024x768.jpg 1024w, https:\/\/www.feuerwehr-wattenberg.at\/wp-content\/uploads\/2021\/10\/IMG-20211002-WA0010-300x225.jpg 300w, https:\/\/www.feuerwehr-wattenberg.at\/wp-content\/uploads\/2021\/10\/IMG-20211002-WA0010-768x576.jpg 768w, https:\/\/www.feuerwehr-wattenberg.at\/wp-content\/uploads\/2021\/10\/IMG-20211002-WA0010-1536x1152.jpg 1536w, https:\/\/www.feuerwehr-wattenberg.at\/wp-content\/uploads\/2021\/10\/IMG-20211002-WA0010-676x507.jpg 676w, https:\/\/www.feuerwehr-wattenberg.at\/wp-content\/uploads\/2021\/10\/IMG-20211002-WA0010.jpg 2048w\" sizes=\"auto, (max-width: 1024px) 100vw, 1024px\" \/><\/figure>\n\n\n\n<figure class=\"wp-block-image size-large\"><img loading=\"lazy\" decoding=\"async\" width=\"1024\" height=\"768\" src=\"https:\/\/www.feuerwehr-wattenberg.at\/wp-content\/uploads\/2021\/10\/IMG-20211002-WA0009-1024x768.jpg\" alt=\"\" class=\"wp-image-1696\" srcset=\"https:\/\/www.feuerwehr-wattenberg.at\/wp-content\/uploads\/2021\/10\/IMG-20211002-WA0009-1024x768.jpg 1024w, https:\/\/www.feuerwehr-wattenberg.at\/wp-content\/uploads\/2021\/10\/IMG-20211002-WA0009-300x225.jpg 300w, https:\/\/www.feuerwehr-wattenberg.at\/wp-content\/uploads\/2021\/10\/IMG-20211002-WA0009-768x576.jpg 768w, https:\/\/www.feuerwehr-wattenberg.at\/wp-content\/uploads\/2021\/10\/IMG-20211002-WA0009-1536x1152.jpg 1536w, https:\/\/www.feuerwehr-wattenberg.at\/wp-content\/uploads\/2021\/10\/IMG-20211002-WA0009-676x507.jpg 676w, https:\/\/www.feuerwehr-wattenberg.at\/wp-content\/uploads\/2021\/10\/IMG-20211002-WA0009.jpg 2048w\" sizes=\"auto, (max-width: 1024px) 100vw, 1024px\" \/><\/figure>\n\n\n\n<figure class=\"wp-block-image size-large\"><img loading=\"lazy\" decoding=\"async\" width=\"1024\" height=\"768\" src=\"https:\/\/www.feuerwehr-wattenberg.at\/wp-content\/uploads\/2021\/10\/IMG-20211002-WA0002-1024x768.jpg\" alt=\"\" class=\"wp-image-1695\" srcset=\"https:\/\/www.feuerwehr-wattenberg.at\/wp-content\/uploads\/2021\/10\/IMG-20211002-WA0002-1024x768.jpg 1024w, https:\/\/www.feuerwehr-wattenberg.at\/wp-content\/uploads\/2021\/10\/IMG-20211002-WA0002-300x225.jpg 300w, https:\/\/www.feuerwehr-wattenberg.at\/wp-content\/uploads\/2021\/10\/IMG-20211002-WA0002-768x576.jpg 768w, https:\/\/www.feuerwehr-wattenberg.at\/wp-content\/uploads\/2021\/10\/IMG-20211002-WA0002-1536x1152.jpg 1536w, https:\/\/www.feuerwehr-wattenberg.at\/wp-content\/uploads\/2021\/10\/IMG-20211002-WA0002-676x507.jpg 676w, https:\/\/www.feuerwehr-wattenberg.at\/wp-content\/uploads\/2021\/10\/IMG-20211002-WA0002.jpg 2048w\" sizes=\"auto, (max-width: 1024px) 100vw, 1024px\" \/><\/figure>\n","protected":false},"excerpt":{"rendered":"<p>Am 2. Oktober konnte nach \u00fcber eineinhalb Jahren wieder gemeinsam ge\u00fcbt werden. Die Feuerwehr Wattens organisierte die diesj\u00e4hrige Abschnitts\u00fcbung des Abschnittes Wattens. Ein \u00dcbungsszenario wurde in Wattens durchgef\u00fchrt, die zweite \u00dcbung fand am V\u00f6gelsberg, wo die Feuerwehr Wattenberg als \u00dcbungsteilnehmer eingebunden war, statt. Die Annahme war starke Rauchent-wicklung mit eingeschlossenen&#8230;<\/p>\n<p> <a class=\"continue-reading-link\" href=\"https:\/\/www.feuerwehr-wattenberg.at\/?p=1692\"><span>WEITERLESEN<\/span><i class=\"crycon-right-dir\"><\/i><\/a> <\/p>\n","protected":false},"author":1,"featured_media":0,"comment_status":"closed","ping_status":"closed","sticky":false,"template":"","format":"standard","meta":{"footnotes":""},"categories":[1],"tags":[],"class_list":["post-1692","post","type-post","status-publish","format-standard","hentry","category-allgemein"],"amp_enabled":true,"_links":{"self":[{"href":"https:\/\/www.feuerwehr-wattenberg.at\/index.php?rest_route=\/wp\/v2\/posts\/1692","targetHints":{"allow":["GET"]}}],"collection":[{"href":"https:\/\/www.feuerwehr-wattenberg.at\/index.php?rest_route=\/wp\/v2\/posts"}],"about":[{"href":"https:\/\/www.feuerwehr-wattenberg.at\/index.php?rest_route=\/wp\/v2\/types\/post"}],"author":[{"embeddable":true,"href":"https:\/\/www.feuerwehr-wattenberg.at\/index.php?rest_route=\/wp\/v2\/users\/1"}],"replies":[{"embeddable":true,"href":"https:\/\/www.feuerwehr-wattenberg.at\/index.php?rest_route=%2Fwp%2Fv2%2Fcomments&post=1692"}],"version-history":[{"count":3,"href":"https:\/\/www.feuerwehr-wattenberg.at\/index.php?rest_route=\/wp\/v2\/posts\/1692\/revisions"}],"predecessor-version":[{"id":1699,"href":"https:\/\/www.feuerwehr-wattenberg.at\/index.php?rest_route=\/wp\/v2\/posts\/1692\/revisions\/1699"}],"wp:attachment":[{"href":"https:\/\/www.feuerwehr-wattenberg.at\/index.php?rest_route=%2Fwp%2Fv2%2Fmedia&parent=1692"}],"wp:term":[{"taxonomy":"category","embeddable":true,"href":"https:\/\/www.feuerwehr-wattenberg.at\/index.php?rest_route=%2Fwp%2Fv2%2Fcategories&post=1692"},{"taxonomy":"post_tag","embeddable":true,"href":"https:\/\/www.feuerwehr-wattenberg.at\/index.php?rest_route=%2Fwp%2Fv2%2Ftags&post=1692"}],"curies":[{"name":"wp","href":"https:\/\/api.w.org\/{rel}","templated":true}]}}