{"id":1670,"date":"2021-09-15T19:39:07","date_gmt":"2021-09-15T17:39:07","guid":{"rendered":"https:\/\/www.feuerwehr-wattenberg.at\/?p=1670"},"modified":"2021-09-15T19:39:07","modified_gmt":"2021-09-15T17:39:07","slug":"einweihung-feuerwehrhaus","status":"publish","type":"post","link":"https:\/\/www.feuerwehr-wattenberg.at\/?p=1670","title":{"rendered":"Einweihung Feuerwehrhaus"},"content":{"rendered":"\n<p>Nach einer langen und intensiven Planungsphase und einer Bauzeit von knapp einem Jahr wurde am 11. September das neu sanierte und umgebaute Feuerwehrhaus bei einem kleinen Festakt feierlich eingeweiht. Durch die Adaptierung des Obergeschosses steht der Feuerwehr jetzt viel mehr Platz zur Verf\u00fcgung. Die Freiwillige Feuerwehr freut sich \u00fcber die gelungene Erweiterung und bedankt sich bei der Gemeinde Wattenberg f\u00fcr die Umsetzung dieses Projektes.<\/p>\n\n\n\n<figure class=\"wp-block-image size-large\"><img loading=\"lazy\" decoding=\"async\" width=\"1024\" height=\"660\" src=\"https:\/\/www.feuerwehr-wattenberg.at\/wp-content\/uploads\/2021\/09\/Bild_1-1024x660.jpg\" alt=\"\" class=\"wp-image-1672\" srcset=\"https:\/\/www.feuerwehr-wattenberg.at\/wp-content\/uploads\/2021\/09\/Bild_1-1024x660.jpg 1024w, https:\/\/www.feuerwehr-wattenberg.at\/wp-content\/uploads\/2021\/09\/Bild_1-300x193.jpg 300w, https:\/\/www.feuerwehr-wattenberg.at\/wp-content\/uploads\/2021\/09\/Bild_1-768x495.jpg 768w, https:\/\/www.feuerwehr-wattenberg.at\/wp-content\/uploads\/2021\/09\/Bild_1-1536x990.jpg 1536w, https:\/\/www.feuerwehr-wattenberg.at\/wp-content\/uploads\/2021\/09\/Bild_1-2048x1320.jpg 2048w, https:\/\/www.feuerwehr-wattenberg.at\/wp-content\/uploads\/2021\/09\/Bild_1-676x436.jpg 676w\" sizes=\"auto, (max-width: 1024px) 100vw, 1024px\" \/><\/figure>\n\n\n\n<figure class=\"wp-block-image size-large\"><img loading=\"lazy\" decoding=\"async\" width=\"1024\" height=\"681\" src=\"https:\/\/www.feuerwehr-wattenberg.at\/wp-content\/uploads\/2021\/09\/Bild_3-1024x681.jpg\" alt=\"\" class=\"wp-image-1674\" srcset=\"https:\/\/www.feuerwehr-wattenberg.at\/wp-content\/uploads\/2021\/09\/Bild_3-1024x681.jpg 1024w, https:\/\/www.feuerwehr-wattenberg.at\/wp-content\/uploads\/2021\/09\/Bild_3-300x200.jpg 300w, https:\/\/www.feuerwehr-wattenberg.at\/wp-content\/uploads\/2021\/09\/Bild_3-768x511.jpg 768w, https:\/\/www.feuerwehr-wattenberg.at\/wp-content\/uploads\/2021\/09\/Bild_3-1536x1022.jpg 1536w, https:\/\/www.feuerwehr-wattenberg.at\/wp-content\/uploads\/2021\/09\/Bild_3-2048x1363.jpg 2048w, https:\/\/www.feuerwehr-wattenberg.at\/wp-content\/uploads\/2021\/09\/Bild_3-676x450.jpg 676w\" sizes=\"auto, (max-width: 1024px) 100vw, 1024px\" \/><\/figure>\n\n\n\n<figure class=\"wp-block-image size-large\"><img loading=\"lazy\" decoding=\"async\" width=\"1024\" height=\"596\" src=\"https:\/\/www.feuerwehr-wattenberg.at\/wp-content\/uploads\/2021\/09\/Bild_4-1024x596.jpg\" alt=\"\" class=\"wp-image-1675\" srcset=\"https:\/\/www.feuerwehr-wattenberg.at\/wp-content\/uploads\/2021\/09\/Bild_4-1024x596.jpg 1024w, https:\/\/www.feuerwehr-wattenberg.at\/wp-content\/uploads\/2021\/09\/Bild_4-300x175.jpg 300w, https:\/\/www.feuerwehr-wattenberg.at\/wp-content\/uploads\/2021\/09\/Bild_4-768x447.jpg 768w, https:\/\/www.feuerwehr-wattenberg.at\/wp-content\/uploads\/2021\/09\/Bild_4-1536x894.jpg 1536w, https:\/\/www.feuerwehr-wattenberg.at\/wp-content\/uploads\/2021\/09\/Bild_4-2048x1192.jpg 2048w, https:\/\/www.feuerwehr-wattenberg.at\/wp-content\/uploads\/2021\/09\/Bild_4-676x393.jpg 676w\" sizes=\"auto, (max-width: 1024px) 100vw, 1024px\" \/><\/figure>\n\n\n\n<figure class=\"wp-block-image size-large\"><img loading=\"lazy\" decoding=\"async\" width=\"1024\" height=\"681\" src=\"https:\/\/www.feuerwehr-wattenberg.at\/wp-content\/uploads\/2021\/09\/Bild_5-1024x681.jpg\" alt=\"\" class=\"wp-image-1676\" srcset=\"https:\/\/www.feuerwehr-wattenberg.at\/wp-content\/uploads\/2021\/09\/Bild_5-1024x681.jpg 1024w, https:\/\/www.feuerwehr-wattenberg.at\/wp-content\/uploads\/2021\/09\/Bild_5-300x200.jpg 300w, https:\/\/www.feuerwehr-wattenberg.at\/wp-content\/uploads\/2021\/09\/Bild_5-768x511.jpg 768w, https:\/\/www.feuerwehr-wattenberg.at\/wp-content\/uploads\/2021\/09\/Bild_5-1536x1022.jpg 1536w, https:\/\/www.feuerwehr-wattenberg.at\/wp-content\/uploads\/2021\/09\/Bild_5-2048x1363.jpg 2048w, https:\/\/www.feuerwehr-wattenberg.at\/wp-content\/uploads\/2021\/09\/Bild_5-676x450.jpg 676w\" sizes=\"auto, (max-width: 1024px) 100vw, 1024px\" \/><\/figure>\n\n\n\n<figure class=\"wp-block-image size-large\"><img loading=\"lazy\" decoding=\"async\" width=\"1024\" height=\"602\" src=\"https:\/\/www.feuerwehr-wattenberg.at\/wp-content\/uploads\/2021\/09\/Bild_6-1024x602.jpg\" alt=\"\" class=\"wp-image-1677\" srcset=\"https:\/\/www.feuerwehr-wattenberg.at\/wp-content\/uploads\/2021\/09\/Bild_6-1024x602.jpg 1024w, https:\/\/www.feuerwehr-wattenberg.at\/wp-content\/uploads\/2021\/09\/Bild_6-300x176.jpg 300w, https:\/\/www.feuerwehr-wattenberg.at\/wp-content\/uploads\/2021\/09\/Bild_6-768x451.jpg 768w, https:\/\/www.feuerwehr-wattenberg.at\/wp-content\/uploads\/2021\/09\/Bild_6-1536x903.jpg 1536w, https:\/\/www.feuerwehr-wattenberg.at\/wp-content\/uploads\/2021\/09\/Bild_6-2048x1204.jpg 2048w, https:\/\/www.feuerwehr-wattenberg.at\/wp-content\/uploads\/2021\/09\/Bild_6-676x397.jpg 676w\" sizes=\"auto, (max-width: 1024px) 100vw, 1024px\" \/><\/figure>\n\n\n\n<p><\/p>\n","protected":false},"excerpt":{"rendered":"<p>Nach einer langen und intensiven Planungsphase und einer Bauzeit von knapp einem Jahr wurde am 11. September das neu sanierte und umgebaute Feuerwehrhaus bei einem kleinen Festakt feierlich eingeweiht. Durch die Adaptierung des Obergeschosses steht der Feuerwehr jetzt viel mehr Platz zur Verf\u00fcgung. Die Freiwillige Feuerwehr freut sich \u00fcber die&#8230;<\/p>\n<p> <a class=\"continue-reading-link\" href=\"https:\/\/www.feuerwehr-wattenberg.at\/?p=1670\"><span>WEITERLESEN<\/span><i class=\"crycon-right-dir\"><\/i><\/a> <\/p>\n","protected":false},"author":1,"featured_media":0,"comment_status":"closed","ping_status":"closed","sticky":false,"template":"","format":"standard","meta":{"footnotes":""},"categories":[1],"tags":[],"class_list":["post-1670","post","type-post","status-publish","format-standard","hentry","category-allgemein"],"amp_enabled":true,"_links":{"self":[{"href":"https:\/\/www.feuerwehr-wattenberg.at\/index.php?rest_route=\/wp\/v2\/posts\/1670","targetHints":{"allow":["GET"]}}],"collection":[{"href":"https:\/\/www.feuerwehr-wattenberg.at\/index.php?rest_route=\/wp\/v2\/posts"}],"about":[{"href":"https:\/\/www.feuerwehr-wattenberg.at\/index.php?rest_route=\/wp\/v2\/types\/post"}],"author":[{"embeddable":true,"href":"https:\/\/www.feuerwehr-wattenberg.at\/index.php?rest_route=\/wp\/v2\/users\/1"}],"replies":[{"embeddable":true,"href":"https:\/\/www.feuerwehr-wattenberg.at\/index.php?rest_route=%2Fwp%2Fv2%2Fcomments&post=1670"}],"version-history":[{"count":2,"href":"https:\/\/www.feuerwehr-wattenberg.at\/index.php?rest_route=\/wp\/v2\/posts\/1670\/revisions"}],"predecessor-version":[{"id":1679,"href":"https:\/\/www.feuerwehr-wattenberg.at\/index.php?rest_route=\/wp\/v2\/posts\/1670\/revisions\/1679"}],"wp:attachment":[{"href":"https:\/\/www.feuerwehr-wattenberg.at\/index.php?rest_route=%2Fwp%2Fv2%2Fmedia&parent=1670"}],"wp:term":[{"taxonomy":"category","embeddable":true,"href":"https:\/\/www.feuerwehr-wattenberg.at\/index.php?rest_route=%2Fwp%2Fv2%2Fcategories&post=1670"},{"taxonomy":"post_tag","embeddable":true,"href":"https:\/\/www.feuerwehr-wattenberg.at\/index.php?rest_route=%2Fwp%2Fv2%2Ftags&post=1670"}],"curies":[{"name":"wp","href":"https:\/\/api.w.org\/{rel}","templated":true}]}}