{"id":1656,"date":"2021-08-17T09:48:12","date_gmt":"2021-08-17T07:48:12","guid":{"rendered":"https:\/\/www.feuerwehr-wattenberg.at\/?p=1656"},"modified":"2021-08-18T17:34:48","modified_gmt":"2021-08-18T15:34:48","slug":"einsatz-nach-heftigem-gewitter-2","status":"publish","type":"post","link":"https:\/\/www.feuerwehr-wattenberg.at\/?p=1656","title":{"rendered":"Einsatz nach heftigem Gewitter"},"content":{"rendered":"\n<p>Am Montagnachmittag zog ein heftiges Gewitter mit Sturmb\u00f6en und Hagelschauer \u00fcber das Gemeindegebiet von Wattenberg. Durch Verklausungen traten einige B\u00e4che \u00fcber die Ufer und an einigen Stellen kam es zu kleineren bis mittleren Murenabg\u00e4ngen. Vorsichtshalber musste die Wattenberger Landesstrasse gesperrt werden, es bestand die Gefahr, dass noch mehr Material auf die Stra\u00dfe rutscht und diese verlegt.<\/p>\n\n\n\n<figure class=\"wp-block-image size-large\"><img loading=\"lazy\" decoding=\"async\" width=\"1024\" height=\"769\" src=\"https:\/\/www.feuerwehr-wattenberg.at\/wp-content\/uploads\/2021\/08\/IMG-20210817-WA0007-1024x769.jpg\" alt=\"\" class=\"wp-image-1655\" srcset=\"https:\/\/www.feuerwehr-wattenberg.at\/wp-content\/uploads\/2021\/08\/IMG-20210817-WA0007-1024x769.jpg 1024w, https:\/\/www.feuerwehr-wattenberg.at\/wp-content\/uploads\/2021\/08\/IMG-20210817-WA0007-300x225.jpg 300w, https:\/\/www.feuerwehr-wattenberg.at\/wp-content\/uploads\/2021\/08\/IMG-20210817-WA0007-768x577.jpg 768w, https:\/\/www.feuerwehr-wattenberg.at\/wp-content\/uploads\/2021\/08\/IMG-20210817-WA0007-1536x1154.jpg 1536w, https:\/\/www.feuerwehr-wattenberg.at\/wp-content\/uploads\/2021\/08\/IMG-20210817-WA0007-676x508.jpg 676w, https:\/\/www.feuerwehr-wattenberg.at\/wp-content\/uploads\/2021\/08\/IMG-20210817-WA0007.jpg 1600w\" sizes=\"auto, (max-width: 1024px) 100vw, 1024px\" \/><\/figure>\n\n\n\n<figure class=\"wp-block-image size-large\"><img loading=\"lazy\" decoding=\"async\" width=\"1024\" height=\"769\" src=\"https:\/\/www.feuerwehr-wattenberg.at\/wp-content\/uploads\/2021\/08\/IMG-20210817-WA0002-1024x769.jpg\" alt=\"\" class=\"wp-image-1654\" srcset=\"https:\/\/www.feuerwehr-wattenberg.at\/wp-content\/uploads\/2021\/08\/IMG-20210817-WA0002-1024x769.jpg 1024w, https:\/\/www.feuerwehr-wattenberg.at\/wp-content\/uploads\/2021\/08\/IMG-20210817-WA0002-300x225.jpg 300w, https:\/\/www.feuerwehr-wattenberg.at\/wp-content\/uploads\/2021\/08\/IMG-20210817-WA0002-768x577.jpg 768w, https:\/\/www.feuerwehr-wattenberg.at\/wp-content\/uploads\/2021\/08\/IMG-20210817-WA0002-1536x1154.jpg 1536w, https:\/\/www.feuerwehr-wattenberg.at\/wp-content\/uploads\/2021\/08\/IMG-20210817-WA0002-676x508.jpg 676w, https:\/\/www.feuerwehr-wattenberg.at\/wp-content\/uploads\/2021\/08\/IMG-20210817-WA0002.jpg 1600w\" sizes=\"auto, (max-width: 1024px) 100vw, 1024px\" \/><\/figure>\n\n\n\n<figure class=\"wp-block-image size-large\"><img loading=\"lazy\" decoding=\"async\" width=\"1024\" height=\"768\" src=\"https:\/\/www.feuerwehr-wattenberg.at\/wp-content\/uploads\/2021\/08\/IMG-20210816-WA0019-1024x768.jpg\" alt=\"\" class=\"wp-image-1650\" srcset=\"https:\/\/www.feuerwehr-wattenberg.at\/wp-content\/uploads\/2021\/08\/IMG-20210816-WA0019-1024x768.jpg 1024w, https:\/\/www.feuerwehr-wattenberg.at\/wp-content\/uploads\/2021\/08\/IMG-20210816-WA0019-300x225.jpg 300w, https:\/\/www.feuerwehr-wattenberg.at\/wp-content\/uploads\/2021\/08\/IMG-20210816-WA0019-768x576.jpg 768w, https:\/\/www.feuerwehr-wattenberg.at\/wp-content\/uploads\/2021\/08\/IMG-20210816-WA0019-1536x1152.jpg 1536w, https:\/\/www.feuerwehr-wattenberg.at\/wp-content\/uploads\/2021\/08\/IMG-20210816-WA0019-676x507.jpg 676w, https:\/\/www.feuerwehr-wattenberg.at\/wp-content\/uploads\/2021\/08\/IMG-20210816-WA0019.jpg 1600w\" sizes=\"auto, (max-width: 1024px) 100vw, 1024px\" \/><\/figure>\n\n\n\n<figure class=\"wp-block-image size-large\"><img loading=\"lazy\" decoding=\"async\" width=\"1024\" height=\"495\" src=\"https:\/\/www.feuerwehr-wattenberg.at\/wp-content\/uploads\/2021\/08\/IMG-20210816-WA0026-1024x495.jpg\" alt=\"\" class=\"wp-image-1653\" srcset=\"https:\/\/www.feuerwehr-wattenberg.at\/wp-content\/uploads\/2021\/08\/IMG-20210816-WA0026-1024x495.jpg 1024w, https:\/\/www.feuerwehr-wattenberg.at\/wp-content\/uploads\/2021\/08\/IMG-20210816-WA0026-300x145.jpg 300w, https:\/\/www.feuerwehr-wattenberg.at\/wp-content\/uploads\/2021\/08\/IMG-20210816-WA0026-768x371.jpg 768w, https:\/\/www.feuerwehr-wattenberg.at\/wp-content\/uploads\/2021\/08\/IMG-20210816-WA0026-676x326.jpg 676w, https:\/\/www.feuerwehr-wattenberg.at\/wp-content\/uploads\/2021\/08\/IMG-20210816-WA0026.jpg 1408w\" sizes=\"auto, (max-width: 1024px) 100vw, 1024px\" \/><\/figure>\n\n\n\n<figure class=\"wp-block-image size-large is-resized\"><img loading=\"lazy\" decoding=\"async\" src=\"https:\/\/www.feuerwehr-wattenberg.at\/wp-content\/uploads\/2021\/08\/IMG-20210816-WA0024-495x1024.jpg\" alt=\"\" class=\"wp-image-1652\" width=\"340\" height=\"704\" srcset=\"https:\/\/www.feuerwehr-wattenberg.at\/wp-content\/uploads\/2021\/08\/IMG-20210816-WA0024-495x1024.jpg 495w, https:\/\/www.feuerwehr-wattenberg.at\/wp-content\/uploads\/2021\/08\/IMG-20210816-WA0024-145x300.jpg 145w, https:\/\/www.feuerwehr-wattenberg.at\/wp-content\/uploads\/2021\/08\/IMG-20210816-WA0024-676x1400.jpg 676w, https:\/\/www.feuerwehr-wattenberg.at\/wp-content\/uploads\/2021\/08\/IMG-20210816-WA0024.jpg 680w\" sizes=\"auto, (max-width: 340px) 100vw, 340px\" \/><\/figure>\n\n\n\n<figure class=\"wp-block-image size-large is-resized\"><img loading=\"lazy\" decoding=\"async\" src=\"https:\/\/www.feuerwehr-wattenberg.at\/wp-content\/uploads\/2021\/08\/IMG-20210816-WA0022-495x1024.jpg\" alt=\"\" class=\"wp-image-1651\" width=\"341\" height=\"706\" srcset=\"https:\/\/www.feuerwehr-wattenberg.at\/wp-content\/uploads\/2021\/08\/IMG-20210816-WA0022-495x1024.jpg 495w, https:\/\/www.feuerwehr-wattenberg.at\/wp-content\/uploads\/2021\/08\/IMG-20210816-WA0022-145x300.jpg 145w, https:\/\/www.feuerwehr-wattenberg.at\/wp-content\/uploads\/2021\/08\/IMG-20210816-WA0022-676x1400.jpg 676w, https:\/\/www.feuerwehr-wattenberg.at\/wp-content\/uploads\/2021\/08\/IMG-20210816-WA0022.jpg 680w\" sizes=\"auto, (max-width: 341px) 100vw, 341px\" \/><\/figure>\n\n\n\n<figure class=\"wp-block-gallery columns-1 is-cropped wp-block-gallery-1 is-layout-flex wp-block-gallery-is-layout-flex\"><ul class=\"blocks-gallery-grid\"><li class=\"blocks-gallery-item\"><figure><img loading=\"lazy\" decoding=\"async\" width=\"1024\" height=\"768\" src=\"https:\/\/www.feuerwehr-wattenberg.at\/wp-content\/uploads\/2021\/08\/IMG-20210816-WA0017-1024x768.jpg\" alt=\"\" data-id=\"1659\" data-full-url=\"https:\/\/www.feuerwehr-wattenberg.at\/wp-content\/uploads\/2021\/08\/IMG-20210816-WA0017.jpg\" data-link=\"https:\/\/www.feuerwehr-wattenberg.at\/?attachment_id=1659\" class=\"wp-image-1659\" srcset=\"https:\/\/www.feuerwehr-wattenberg.at\/wp-content\/uploads\/2021\/08\/IMG-20210816-WA0017-1024x768.jpg 1024w, https:\/\/www.feuerwehr-wattenberg.at\/wp-content\/uploads\/2021\/08\/IMG-20210816-WA0017-300x225.jpg 300w, https:\/\/www.feuerwehr-wattenberg.at\/wp-content\/uploads\/2021\/08\/IMG-20210816-WA0017-768x576.jpg 768w, https:\/\/www.feuerwehr-wattenberg.at\/wp-content\/uploads\/2021\/08\/IMG-20210816-WA0017-1536x1152.jpg 1536w, https:\/\/www.feuerwehr-wattenberg.at\/wp-content\/uploads\/2021\/08\/IMG-20210816-WA0017-676x507.jpg 676w, https:\/\/www.feuerwehr-wattenberg.at\/wp-content\/uploads\/2021\/08\/IMG-20210816-WA0017.jpg 1600w\" sizes=\"auto, (max-width: 1024px) 100vw, 1024px\" \/><\/figure><\/li><\/ul><\/figure>\n\n\n\n<figure class=\"wp-block-image size-large\"><img loading=\"lazy\" decoding=\"async\" width=\"1024\" height=\"495\" src=\"https:\/\/www.feuerwehr-wattenberg.at\/wp-content\/uploads\/2021\/08\/IMG-20210816-WA0025-1024x495.jpg\" alt=\"\" class=\"wp-image-1658\" srcset=\"https:\/\/www.feuerwehr-wattenberg.at\/wp-content\/uploads\/2021\/08\/IMG-20210816-WA0025-1024x495.jpg 1024w, https:\/\/www.feuerwehr-wattenberg.at\/wp-content\/uploads\/2021\/08\/IMG-20210816-WA0025-300x145.jpg 300w, https:\/\/www.feuerwehr-wattenberg.at\/wp-content\/uploads\/2021\/08\/IMG-20210816-WA0025-768x371.jpg 768w, https:\/\/www.feuerwehr-wattenberg.at\/wp-content\/uploads\/2021\/08\/IMG-20210816-WA0025-676x326.jpg 676w, https:\/\/www.feuerwehr-wattenberg.at\/wp-content\/uploads\/2021\/08\/IMG-20210816-WA0025.jpg 1408w\" sizes=\"auto, (max-width: 1024px) 100vw, 1024px\" \/><\/figure>\n\n\n\n<figure class=\"wp-block-image size-large is-resized\"><img loading=\"lazy\" decoding=\"async\" src=\"https:\/\/www.feuerwehr-wattenberg.at\/wp-content\/uploads\/2021\/08\/IMG-20210816-WA0014-768x1024.jpg\" alt=\"\" class=\"wp-image-1649\" width=\"497\" height=\"663\" srcset=\"https:\/\/www.feuerwehr-wattenberg.at\/wp-content\/uploads\/2021\/08\/IMG-20210816-WA0014-768x1024.jpg 768w, https:\/\/www.feuerwehr-wattenberg.at\/wp-content\/uploads\/2021\/08\/IMG-20210816-WA0014-225x300.jpg 225w, https:\/\/www.feuerwehr-wattenberg.at\/wp-content\/uploads\/2021\/08\/IMG-20210816-WA0014-1152x1536.jpg 1152w, https:\/\/www.feuerwehr-wattenberg.at\/wp-content\/uploads\/2021\/08\/IMG-20210816-WA0014-676x901.jpg 676w, https:\/\/www.feuerwehr-wattenberg.at\/wp-content\/uploads\/2021\/08\/IMG-20210816-WA0014.jpg 1200w\" sizes=\"auto, (max-width: 497px) 100vw, 497px\" \/><\/figure>\n\n\n\n<p><\/p>\n","protected":false},"excerpt":{"rendered":"<p>Am Montagnachmittag zog ein heftiges Gewitter mit Sturmb\u00f6en und Hagelschauer \u00fcber das Gemeindegebiet von Wattenberg. Durch Verklausungen traten einige B\u00e4che \u00fcber die Ufer und an einigen Stellen kam es zu kleineren bis mittleren Murenabg\u00e4ngen. Vorsichtshalber musste die Wattenberger Landesstrasse gesperrt werden, es bestand die Gefahr, dass noch mehr Material auf&#8230;<\/p>\n<p> <a class=\"continue-reading-link\" href=\"https:\/\/www.feuerwehr-wattenberg.at\/?p=1656\"><span>WEITERLESEN<\/span><i class=\"crycon-right-dir\"><\/i><\/a> <\/p>\n","protected":false},"author":1,"featured_media":0,"comment_status":"closed","ping_status":"closed","sticky":false,"template":"","format":"standard","meta":{"footnotes":""},"categories":[4],"tags":[],"class_list":["post-1656","post","type-post","status-publish","format-standard","hentry","category-berichte-einsaetze"],"amp_enabled":true,"_links":{"self":[{"href":"https:\/\/www.feuerwehr-wattenberg.at\/index.php?rest_route=\/wp\/v2\/posts\/1656","targetHints":{"allow":["GET"]}}],"collection":[{"href":"https:\/\/www.feuerwehr-wattenberg.at\/index.php?rest_route=\/wp\/v2\/posts"}],"about":[{"href":"https:\/\/www.feuerwehr-wattenberg.at\/index.php?rest_route=\/wp\/v2\/types\/post"}],"author":[{"embeddable":true,"href":"https:\/\/www.feuerwehr-wattenberg.at\/index.php?rest_route=\/wp\/v2\/users\/1"}],"replies":[{"embeddable":true,"href":"https:\/\/www.feuerwehr-wattenberg.at\/index.php?rest_route=%2Fwp%2Fv2%2Fcomments&post=1656"}],"version-history":[{"count":5,"href":"https:\/\/www.feuerwehr-wattenberg.at\/index.php?rest_route=\/wp\/v2\/posts\/1656\/revisions"}],"predecessor-version":[{"id":1664,"href":"https:\/\/www.feuerwehr-wattenberg.at\/index.php?rest_route=\/wp\/v2\/posts\/1656\/revisions\/1664"}],"wp:attachment":[{"href":"https:\/\/www.feuerwehr-wattenberg.at\/index.php?rest_route=%2Fwp%2Fv2%2Fmedia&parent=1656"}],"wp:term":[{"taxonomy":"category","embeddable":true,"href":"https:\/\/www.feuerwehr-wattenberg.at\/index.php?rest_route=%2Fwp%2Fv2%2Fcategories&post=1656"},{"taxonomy":"post_tag","embeddable":true,"href":"https:\/\/www.feuerwehr-wattenberg.at\/index.php?rest_route=%2Fwp%2Fv2%2Ftags&post=1656"}],"curies":[{"name":"wp","href":"https:\/\/api.w.org\/{rel}","templated":true}]}}