{"id":1638,"date":"2021-07-25T18:43:17","date_gmt":"2021-07-25T16:43:17","guid":{"rendered":"https:\/\/www.feuerwehr-wattenberg.at\/?p=1638"},"modified":"2021-07-25T18:44:08","modified_gmt":"2021-07-25T16:44:08","slug":"unwettereinsatz-2","status":"publish","type":"post","link":"https:\/\/www.feuerwehr-wattenberg.at\/?p=1638","title":{"rendered":"Einsatz nach einem Unwetter"},"content":{"rendered":"\n<p>Am Samstag, 24. Juli, wurden wir zu mehreren Eins\u00e4tzen nach einem heftigen Gewitter mit Hagelschauer alarmiert. Einige kleinere B\u00e4che traten \u00fcber die Ufer und verlegten entlang der Wattentalstra\u00dfe die Auffangbecken mit Schotter und Ger\u00f6ll, das Wasser bahnte sich entlang der Stra\u00dfe seinen Weg.  Die Stra\u00dfe musste f\u00fcr die Aufr\u00e4umarbeiten einige Zeit gesperrt werden.<\/p>\n\n\n\n<div class=\"wp-block-image\"><figure class=\"aligncenter size-large is-resized\"><img loading=\"lazy\" decoding=\"async\" src=\"https:\/\/www.feuerwehr-wattenberg.at\/wp-content\/uploads\/2021\/07\/IMG-20210725-WA0011-768x1024.jpg\" alt=\"\" class=\"wp-image-1642\" width=\"401\" height=\"535\" srcset=\"https:\/\/www.feuerwehr-wattenberg.at\/wp-content\/uploads\/2021\/07\/IMG-20210725-WA0011-768x1024.jpg 768w, https:\/\/www.feuerwehr-wattenberg.at\/wp-content\/uploads\/2021\/07\/IMG-20210725-WA0011-225x300.jpg 225w, https:\/\/www.feuerwehr-wattenberg.at\/wp-content\/uploads\/2021\/07\/IMG-20210725-WA0011-1152x1536.jpg 1152w, https:\/\/www.feuerwehr-wattenberg.at\/wp-content\/uploads\/2021\/07\/IMG-20210725-WA0011-676x901.jpg 676w, https:\/\/www.feuerwehr-wattenberg.at\/wp-content\/uploads\/2021\/07\/IMG-20210725-WA0011.jpg 1200w\" sizes=\"auto, (max-width: 401px) 100vw, 401px\" \/><\/figure><\/div>\n\n\n\n<figure class=\"wp-block-image size-large\"><img loading=\"lazy\" decoding=\"async\" width=\"1024\" height=\"768\" src=\"https:\/\/www.feuerwehr-wattenberg.at\/wp-content\/uploads\/2021\/07\/IMG-20210725-WA0003-1024x768.jpg\" alt=\"\" class=\"wp-image-1640\" srcset=\"https:\/\/www.feuerwehr-wattenberg.at\/wp-content\/uploads\/2021\/07\/IMG-20210725-WA0003-1024x768.jpg 1024w, https:\/\/www.feuerwehr-wattenberg.at\/wp-content\/uploads\/2021\/07\/IMG-20210725-WA0003-300x225.jpg 300w, https:\/\/www.feuerwehr-wattenberg.at\/wp-content\/uploads\/2021\/07\/IMG-20210725-WA0003-768x576.jpg 768w, https:\/\/www.feuerwehr-wattenberg.at\/wp-content\/uploads\/2021\/07\/IMG-20210725-WA0003-1536x1152.jpg 1536w, https:\/\/www.feuerwehr-wattenberg.at\/wp-content\/uploads\/2021\/07\/IMG-20210725-WA0003-676x507.jpg 676w, https:\/\/www.feuerwehr-wattenberg.at\/wp-content\/uploads\/2021\/07\/IMG-20210725-WA0003.jpg 1600w\" sizes=\"auto, (max-width: 1024px) 100vw, 1024px\" \/><\/figure>\n\n\n\n<div class=\"wp-block-image\"><figure class=\"aligncenter size-large is-resized\"><img loading=\"lazy\" decoding=\"async\" src=\"https:\/\/www.feuerwehr-wattenberg.at\/wp-content\/uploads\/2021\/07\/IMG-20210725-WA0010-768x1024.jpg\" alt=\"\" class=\"wp-image-1641\" width=\"498\" height=\"664\" srcset=\"https:\/\/www.feuerwehr-wattenberg.at\/wp-content\/uploads\/2021\/07\/IMG-20210725-WA0010-768x1024.jpg 768w, https:\/\/www.feuerwehr-wattenberg.at\/wp-content\/uploads\/2021\/07\/IMG-20210725-WA0010-225x300.jpg 225w, https:\/\/www.feuerwehr-wattenberg.at\/wp-content\/uploads\/2021\/07\/IMG-20210725-WA0010-1152x1536.jpg 1152w, https:\/\/www.feuerwehr-wattenberg.at\/wp-content\/uploads\/2021\/07\/IMG-20210725-WA0010-676x901.jpg 676w, https:\/\/www.feuerwehr-wattenberg.at\/wp-content\/uploads\/2021\/07\/IMG-20210725-WA0010.jpg 1200w\" sizes=\"auto, (max-width: 498px) 100vw, 498px\" \/><\/figure><\/div>\n\n\n\n<figure class=\"wp-block-image size-large\"><img loading=\"lazy\" decoding=\"async\" width=\"1024\" height=\"770\" src=\"https:\/\/www.feuerwehr-wattenberg.at\/wp-content\/uploads\/2021\/07\/IMG-20210725-WA0015-1024x770.jpg\" alt=\"\" class=\"wp-image-1644\" srcset=\"https:\/\/www.feuerwehr-wattenberg.at\/wp-content\/uploads\/2021\/07\/IMG-20210725-WA0015-1024x770.jpg 1024w, https:\/\/www.feuerwehr-wattenberg.at\/wp-content\/uploads\/2021\/07\/IMG-20210725-WA0015-300x225.jpg 300w, https:\/\/www.feuerwehr-wattenberg.at\/wp-content\/uploads\/2021\/07\/IMG-20210725-WA0015-768x577.jpg 768w, https:\/\/www.feuerwehr-wattenberg.at\/wp-content\/uploads\/2021\/07\/IMG-20210725-WA0015-1536x1154.jpg 1536w, https:\/\/www.feuerwehr-wattenberg.at\/wp-content\/uploads\/2021\/07\/IMG-20210725-WA0015-676x508.jpg 676w, https:\/\/www.feuerwehr-wattenberg.at\/wp-content\/uploads\/2021\/07\/IMG-20210725-WA0015.jpg 2048w\" sizes=\"auto, (max-width: 1024px) 100vw, 1024px\" \/><\/figure>\n\n\n\n<figure class=\"wp-block-image size-large\"><img loading=\"lazy\" decoding=\"async\" width=\"1024\" height=\"770\" src=\"https:\/\/www.feuerwehr-wattenberg.at\/wp-content\/uploads\/2021\/07\/IMG-20210725-WA0014-1024x770.jpg\" alt=\"\" class=\"wp-image-1645\" srcset=\"https:\/\/www.feuerwehr-wattenberg.at\/wp-content\/uploads\/2021\/07\/IMG-20210725-WA0014-1024x770.jpg 1024w, https:\/\/www.feuerwehr-wattenberg.at\/wp-content\/uploads\/2021\/07\/IMG-20210725-WA0014-300x225.jpg 300w, https:\/\/www.feuerwehr-wattenberg.at\/wp-content\/uploads\/2021\/07\/IMG-20210725-WA0014-768x577.jpg 768w, https:\/\/www.feuerwehr-wattenberg.at\/wp-content\/uploads\/2021\/07\/IMG-20210725-WA0014-1536x1154.jpg 1536w, https:\/\/www.feuerwehr-wattenberg.at\/wp-content\/uploads\/2021\/07\/IMG-20210725-WA0014-676x508.jpg 676w, https:\/\/www.feuerwehr-wattenberg.at\/wp-content\/uploads\/2021\/07\/IMG-20210725-WA0014.jpg 2048w\" sizes=\"auto, (max-width: 1024px) 100vw, 1024px\" \/><\/figure>\n\n\n\n<figure class=\"wp-block-image size-large\"><img loading=\"lazy\" decoding=\"async\" width=\"1024\" height=\"769\" src=\"https:\/\/www.feuerwehr-wattenberg.at\/wp-content\/uploads\/2021\/07\/IMG-20210725-WA0013-1024x769.jpg\" alt=\"\" class=\"wp-image-1643\" srcset=\"https:\/\/www.feuerwehr-wattenberg.at\/wp-content\/uploads\/2021\/07\/IMG-20210725-WA0013-1024x769.jpg 1024w, https:\/\/www.feuerwehr-wattenberg.at\/wp-content\/uploads\/2021\/07\/IMG-20210725-WA0013-300x225.jpg 300w, https:\/\/www.feuerwehr-wattenberg.at\/wp-content\/uploads\/2021\/07\/IMG-20210725-WA0013-768x577.jpg 768w, https:\/\/www.feuerwehr-wattenberg.at\/wp-content\/uploads\/2021\/07\/IMG-20210725-WA0013-1536x1154.jpg 1536w, https:\/\/www.feuerwehr-wattenberg.at\/wp-content\/uploads\/2021\/07\/IMG-20210725-WA0013-676x508.jpg 676w, https:\/\/www.feuerwehr-wattenberg.at\/wp-content\/uploads\/2021\/07\/IMG-20210725-WA0013.jpg 1600w\" sizes=\"auto, (max-width: 1024px) 100vw, 1024px\" \/><\/figure>\n","protected":false},"excerpt":{"rendered":"<p>Am Samstag, 24. Juli, wurden wir zu mehreren Eins\u00e4tzen nach einem heftigen Gewitter mit Hagelschauer alarmiert. Einige kleinere B\u00e4che traten \u00fcber die Ufer und verlegten entlang der Wattentalstra\u00dfe die Auffangbecken mit Schotter und Ger\u00f6ll, das Wasser bahnte sich entlang der Stra\u00dfe seinen Weg. Die Stra\u00dfe musste f\u00fcr die Aufr\u00e4umarbeiten einige&#8230;<\/p>\n<p> <a class=\"continue-reading-link\" href=\"https:\/\/www.feuerwehr-wattenberg.at\/?p=1638\"><span>WEITERLESEN<\/span><i class=\"crycon-right-dir\"><\/i><\/a> <\/p>\n","protected":false},"author":1,"featured_media":0,"comment_status":"closed","ping_status":"closed","sticky":false,"template":"","format":"standard","meta":{"footnotes":""},"categories":[4],"tags":[],"class_list":["post-1638","post","type-post","status-publish","format-standard","hentry","category-berichte-einsaetze"],"amp_enabled":true,"_links":{"self":[{"href":"https:\/\/www.feuerwehr-wattenberg.at\/index.php?rest_route=\/wp\/v2\/posts\/1638","targetHints":{"allow":["GET"]}}],"collection":[{"href":"https:\/\/www.feuerwehr-wattenberg.at\/index.php?rest_route=\/wp\/v2\/posts"}],"about":[{"href":"https:\/\/www.feuerwehr-wattenberg.at\/index.php?rest_route=\/wp\/v2\/types\/post"}],"author":[{"embeddable":true,"href":"https:\/\/www.feuerwehr-wattenberg.at\/index.php?rest_route=\/wp\/v2\/users\/1"}],"replies":[{"embeddable":true,"href":"https:\/\/www.feuerwehr-wattenberg.at\/index.php?rest_route=%2Fwp%2Fv2%2Fcomments&post=1638"}],"version-history":[{"count":3,"href":"https:\/\/www.feuerwehr-wattenberg.at\/index.php?rest_route=\/wp\/v2\/posts\/1638\/revisions"}],"predecessor-version":[{"id":1647,"href":"https:\/\/www.feuerwehr-wattenberg.at\/index.php?rest_route=\/wp\/v2\/posts\/1638\/revisions\/1647"}],"wp:attachment":[{"href":"https:\/\/www.feuerwehr-wattenberg.at\/index.php?rest_route=%2Fwp%2Fv2%2Fmedia&parent=1638"}],"wp:term":[{"taxonomy":"category","embeddable":true,"href":"https:\/\/www.feuerwehr-wattenberg.at\/index.php?rest_route=%2Fwp%2Fv2%2Fcategories&post=1638"},{"taxonomy":"post_tag","embeddable":true,"href":"https:\/\/www.feuerwehr-wattenberg.at\/index.php?rest_route=%2Fwp%2Fv2%2Ftags&post=1638"}],"curies":[{"name":"wp","href":"https:\/\/api.w.org\/{rel}","templated":true}]}}