{"id":1447,"date":"2020-09-26T08:25:27","date_gmt":"2020-09-26T06:25:27","guid":{"rendered":"http:\/\/www.feuerwehr-wattenberg.at\/?p=1447"},"modified":"2020-09-27T09:21:08","modified_gmt":"2020-09-27T07:21:08","slug":"schneeeinsatz","status":"publish","type":"post","link":"https:\/\/www.feuerwehr-wattenberg.at\/?p=1447","title":{"rendered":"Wintereinbruch"},"content":{"rendered":"\n<p>An diesem Wochenende sandte uns der Winter schon einen kleinen Vorgeschmack auf die kalte Jahreszeit. Es schneite in den h\u00f6heren Lagen teilweise massiv, durch die schwere Schneelast knickten B\u00e4ume und Str\u00e4ucher um und versperrten die Zufahrtsstra\u00dfe zum T\u00dcPL Walchen\/Lizum. Wir mussten die umgest\u00fcrzten B\u00e4ume und Str\u00e4ucher mit einer Motors\u00e4ge zerkleinern und von der Fahrbahn entfernen. Nach ca. einer Stunde konnte die Einsatzbereitschaft wieder hergestellt werden.<\/p>\n\n\n\n<figure class=\"wp-block-image size-large\"><img loading=\"lazy\" decoding=\"async\" width=\"1024\" height=\"768\" src=\"https:\/\/www.feuerwehr-wattenberg.at\/wp-content\/uploads\/2020\/09\/IMG-20200926-WA0005-1024x768.jpg\" alt=\"\" class=\"wp-image-1451\" srcset=\"https:\/\/www.feuerwehr-wattenberg.at\/wp-content\/uploads\/2020\/09\/IMG-20200926-WA0005-1024x768.jpg 1024w, https:\/\/www.feuerwehr-wattenberg.at\/wp-content\/uploads\/2020\/09\/IMG-20200926-WA0005-300x225.jpg 300w, https:\/\/www.feuerwehr-wattenberg.at\/wp-content\/uploads\/2020\/09\/IMG-20200926-WA0005-768x576.jpg 768w, https:\/\/www.feuerwehr-wattenberg.at\/wp-content\/uploads\/2020\/09\/IMG-20200926-WA0005-1536x1153.jpg 1536w, https:\/\/www.feuerwehr-wattenberg.at\/wp-content\/uploads\/2020\/09\/IMG-20200926-WA0005-175x131.jpg 175w, https:\/\/www.feuerwehr-wattenberg.at\/wp-content\/uploads\/2020\/09\/IMG-20200926-WA0005-666x500.jpg 666w, https:\/\/www.feuerwehr-wattenberg.at\/wp-content\/uploads\/2020\/09\/IMG-20200926-WA0005.jpg 1599w\" sizes=\"auto, (max-width: 1024px) 100vw, 1024px\" \/><\/figure>\n\n\n\n<figure class=\"wp-block-image size-large\"><img loading=\"lazy\" decoding=\"async\" width=\"768\" height=\"1024\" src=\"https:\/\/www.feuerwehr-wattenberg.at\/wp-content\/uploads\/2020\/09\/IMG-20200926-WA0001-768x1024.jpg\" alt=\"\" class=\"wp-image-1450\" srcset=\"https:\/\/www.feuerwehr-wattenberg.at\/wp-content\/uploads\/2020\/09\/IMG-20200926-WA0001-768x1023.jpg 768w, https:\/\/www.feuerwehr-wattenberg.at\/wp-content\/uploads\/2020\/09\/IMG-20200926-WA0001-225x300.jpg 225w, https:\/\/www.feuerwehr-wattenberg.at\/wp-content\/uploads\/2020\/09\/IMG-20200926-WA0001-1153x1536.jpg 1153w, https:\/\/www.feuerwehr-wattenberg.at\/wp-content\/uploads\/2020\/09\/IMG-20200926-WA0001-375x500.jpg 375w, https:\/\/www.feuerwehr-wattenberg.at\/wp-content\/uploads\/2020\/09\/IMG-20200926-WA0001.jpg 1200w\" sizes=\"auto, (max-width: 768px) 100vw, 768px\" \/><\/figure>\n\n\n\n<figure class=\"wp-block-image size-large\"><img loading=\"lazy\" decoding=\"async\" width=\"1024\" height=\"769\" src=\"https:\/\/www.feuerwehr-wattenberg.at\/wp-content\/uploads\/2020\/09\/IMG-20200926-WA0009-1024x769.jpg\" alt=\"\" class=\"wp-image-1452\" srcset=\"https:\/\/www.feuerwehr-wattenberg.at\/wp-content\/uploads\/2020\/09\/IMG-20200926-WA0009-1024x769.jpg 1024w, https:\/\/www.feuerwehr-wattenberg.at\/wp-content\/uploads\/2020\/09\/IMG-20200926-WA0009-300x225.jpg 300w, https:\/\/www.feuerwehr-wattenberg.at\/wp-content\/uploads\/2020\/09\/IMG-20200926-WA0009-768x577.jpg 768w, https:\/\/www.feuerwehr-wattenberg.at\/wp-content\/uploads\/2020\/09\/IMG-20200926-WA0009-1536x1154.jpg 1536w, https:\/\/www.feuerwehr-wattenberg.at\/wp-content\/uploads\/2020\/09\/IMG-20200926-WA0009-175x131.jpg 175w, https:\/\/www.feuerwehr-wattenberg.at\/wp-content\/uploads\/2020\/09\/IMG-20200926-WA0009-666x500.jpg 666w, https:\/\/www.feuerwehr-wattenberg.at\/wp-content\/uploads\/2020\/09\/IMG-20200926-WA0009.jpg 1600w\" sizes=\"auto, (max-width: 1024px) 100vw, 1024px\" \/><\/figure>\n","protected":false},"excerpt":{"rendered":"<p>An diesem Wochenende sandte uns der Winter schon einen kleinen Vorgeschmack auf die kalte Jahreszeit. Es schneite in den h\u00f6heren Lagen teilweise massiv, durch die schwere Schneelast knickten B\u00e4ume und Str\u00e4ucher um und versperrten die Zufahrtsstra\u00dfe zum T\u00dcPL Walchen\/Lizum. Wir mussten die umgest\u00fcrzten B\u00e4ume und Str\u00e4ucher mit einer Motors\u00e4ge zerkleinern&#8230;<\/p>\n<p> <a class=\"continue-reading-link\" href=\"https:\/\/www.feuerwehr-wattenberg.at\/?p=1447\"><span>WEITERLESEN<\/span><i class=\"crycon-right-dir\"><\/i><\/a> <\/p>\n","protected":false},"author":1,"featured_media":0,"comment_status":"closed","ping_status":"closed","sticky":false,"template":"","format":"standard","meta":{"footnotes":""},"categories":[4],"tags":[],"class_list":["post-1447","post","type-post","status-publish","format-standard","hentry","category-berichte-einsaetze"],"amp_enabled":true,"_links":{"self":[{"href":"https:\/\/www.feuerwehr-wattenberg.at\/index.php?rest_route=\/wp\/v2\/posts\/1447","targetHints":{"allow":["GET"]}}],"collection":[{"href":"https:\/\/www.feuerwehr-wattenberg.at\/index.php?rest_route=\/wp\/v2\/posts"}],"about":[{"href":"https:\/\/www.feuerwehr-wattenberg.at\/index.php?rest_route=\/wp\/v2\/types\/post"}],"author":[{"embeddable":true,"href":"https:\/\/www.feuerwehr-wattenberg.at\/index.php?rest_route=\/wp\/v2\/users\/1"}],"replies":[{"embeddable":true,"href":"https:\/\/www.feuerwehr-wattenberg.at\/index.php?rest_route=%2Fwp%2Fv2%2Fcomments&post=1447"}],"version-history":[{"count":4,"href":"https:\/\/www.feuerwehr-wattenberg.at\/index.php?rest_route=\/wp\/v2\/posts\/1447\/revisions"}],"predecessor-version":[{"id":1457,"href":"https:\/\/www.feuerwehr-wattenberg.at\/index.php?rest_route=\/wp\/v2\/posts\/1447\/revisions\/1457"}],"wp:attachment":[{"href":"https:\/\/www.feuerwehr-wattenberg.at\/index.php?rest_route=%2Fwp%2Fv2%2Fmedia&parent=1447"}],"wp:term":[{"taxonomy":"category","embeddable":true,"href":"https:\/\/www.feuerwehr-wattenberg.at\/index.php?rest_route=%2Fwp%2Fv2%2Fcategories&post=1447"},{"taxonomy":"post_tag","embeddable":true,"href":"https:\/\/www.feuerwehr-wattenberg.at\/index.php?rest_route=%2Fwp%2Fv2%2Ftags&post=1447"}],"curies":[{"name":"wp","href":"https:\/\/api.w.org\/{rel}","templated":true}]}}