{"id":1055,"date":"2018-10-11T17:23:16","date_gmt":"2018-10-11T15:23:16","guid":{"rendered":"http:\/\/www.feuerwehr-wattenberg.at\/?p=1055"},"modified":"2018-10-12T17:11:36","modified_gmt":"2018-10-12T15:11:36","slug":"fahrzeugbrand","status":"publish","type":"post","link":"https:\/\/www.feuerwehr-wattenberg.at\/?p=1055","title":{"rendered":"Fahrzeugbrand"},"content":{"rendered":"<p>Heute (11.10.2018) um 04:40 Uhr in der Fr\u00fch r\u00fcckten wir zu einem Fahrzeugbrand aus. Beim Eintreffen am Einsatzort stand das Fahrzeug bereits in Vollbrand. Der Pr\u00e4senzdiener befand sich auf dem Weg zum Dienst Richtung Truppen\u00fcbungsplatz Walchen\/Lizum, als das Auto pl\u00f6tzlich aus unbekannter Ursache Feuer fing. Verletzt wurde niemand, der Pr\u00e4senzdiener konnte das Fahrzeug rechtzeitig verlassen.<\/p>\n<p>Im Einsatz waren:<\/p>\n<ul>\n<li>Feuerwehr Wattenberg<\/li>\n<li>Feuerwehr Wattens<\/li>\n<li>Rettung Wattens<\/li>\n<li>Polizei Wattens<\/li>\n<\/ul>\n<p><img loading=\"lazy\" decoding=\"async\" class=\"alignleft wp-image-1046\" src=\"https:\/\/www.feuerwehr-wattenberg.at\/wp-content\/uploads\/2018\/10\/GRA0587x-150x150.jpg\" alt=\"\" width=\"480\" height=\"320\" srcset=\"https:\/\/www.feuerwehr-wattenberg.at\/wp-content\/uploads\/2018\/10\/GRA0587x-300x200.jpg 300w, https:\/\/www.feuerwehr-wattenberg.at\/wp-content\/uploads\/2018\/10\/GRA0587x-768x512.jpg 768w, https:\/\/www.feuerwehr-wattenberg.at\/wp-content\/uploads\/2018\/10\/GRA0587x-1024x682.jpg 1024w, https:\/\/www.feuerwehr-wattenberg.at\/wp-content\/uploads\/2018\/10\/GRA0587x-750x500.jpg 750w, https:\/\/www.feuerwehr-wattenberg.at\/wp-content\/uploads\/2018\/10\/GRA0587x.jpg 1280w\" sizes=\"auto, (max-width: 480px) 100vw, 480px\" \/> <img loading=\"lazy\" decoding=\"async\" class=\"alignleft wp-image-1047\" src=\"https:\/\/www.feuerwehr-wattenberg.at\/wp-content\/uploads\/2018\/10\/GRA0604x-150x150.jpg\" alt=\"\" width=\"480\" height=\"320\" srcset=\"https:\/\/www.feuerwehr-wattenberg.at\/wp-content\/uploads\/2018\/10\/GRA0604x-300x200.jpg 300w, https:\/\/www.feuerwehr-wattenberg.at\/wp-content\/uploads\/2018\/10\/GRA0604x-768x512.jpg 768w, https:\/\/www.feuerwehr-wattenberg.at\/wp-content\/uploads\/2018\/10\/GRA0604x-1024x682.jpg 1024w, https:\/\/www.feuerwehr-wattenberg.at\/wp-content\/uploads\/2018\/10\/GRA0604x-750x500.jpg 750w, https:\/\/www.feuerwehr-wattenberg.at\/wp-content\/uploads\/2018\/10\/GRA0604x.jpg 1280w\" sizes=\"auto, (max-width: 480px) 100vw, 480px\" \/> <img loading=\"lazy\" decoding=\"async\" class=\"alignleft wp-image-1048\" src=\"https:\/\/www.feuerwehr-wattenberg.at\/wp-content\/uploads\/2018\/10\/GRA0609x-150x150.jpg\" alt=\"\" width=\"480\" height=\"320\" srcset=\"https:\/\/www.feuerwehr-wattenberg.at\/wp-content\/uploads\/2018\/10\/GRA0609x-300x200.jpg 300w, https:\/\/www.feuerwehr-wattenberg.at\/wp-content\/uploads\/2018\/10\/GRA0609x-768x512.jpg 768w, https:\/\/www.feuerwehr-wattenberg.at\/wp-content\/uploads\/2018\/10\/GRA0609x-1024x682.jpg 1024w, https:\/\/www.feuerwehr-wattenberg.at\/wp-content\/uploads\/2018\/10\/GRA0609x-750x500.jpg 750w, https:\/\/www.feuerwehr-wattenberg.at\/wp-content\/uploads\/2018\/10\/GRA0609x.jpg 1280w\" sizes=\"auto, (max-width: 480px) 100vw, 480px\" \/> <img loading=\"lazy\" decoding=\"async\" class=\"alignleft wp-image-1049\" src=\"https:\/\/www.feuerwehr-wattenberg.at\/wp-content\/uploads\/2018\/10\/GRA0616x-150x150.jpg\" alt=\"\" width=\"480\" height=\"320\" srcset=\"https:\/\/www.feuerwehr-wattenberg.at\/wp-content\/uploads\/2018\/10\/GRA0616x-300x200.jpg 300w, https:\/\/www.feuerwehr-wattenberg.at\/wp-content\/uploads\/2018\/10\/GRA0616x-768x512.jpg 768w, https:\/\/www.feuerwehr-wattenberg.at\/wp-content\/uploads\/2018\/10\/GRA0616x-1024x682.jpg 1024w, https:\/\/www.feuerwehr-wattenberg.at\/wp-content\/uploads\/2018\/10\/GRA0616x-750x500.jpg 750w, https:\/\/www.feuerwehr-wattenberg.at\/wp-content\/uploads\/2018\/10\/GRA0616x.jpg 1280w\" sizes=\"auto, (max-width: 480px) 100vw, 480px\" \/> <img loading=\"lazy\" decoding=\"async\" class=\"alignleft wp-image-1050\" src=\"https:\/\/www.feuerwehr-wattenberg.at\/wp-content\/uploads\/2018\/10\/GRA0622x-150x150.jpg\" alt=\"\" width=\"480\" height=\"320\" srcset=\"https:\/\/www.feuerwehr-wattenberg.at\/wp-content\/uploads\/2018\/10\/GRA0622x-300x200.jpg 300w, https:\/\/www.feuerwehr-wattenberg.at\/wp-content\/uploads\/2018\/10\/GRA0622x-768x512.jpg 768w, https:\/\/www.feuerwehr-wattenberg.at\/wp-content\/uploads\/2018\/10\/GRA0622x-1024x682.jpg 1024w, https:\/\/www.feuerwehr-wattenberg.at\/wp-content\/uploads\/2018\/10\/GRA0622x-750x500.jpg 750w, https:\/\/www.feuerwehr-wattenberg.at\/wp-content\/uploads\/2018\/10\/GRA0622x.jpg 1280w\" sizes=\"auto, (max-width: 480px) 100vw, 480px\" \/> <img loading=\"lazy\" decoding=\"async\" class=\"alignleft wp-image-1051\" src=\"https:\/\/www.feuerwehr-wattenberg.at\/wp-content\/uploads\/2018\/10\/GRA0639x-150x150.jpg\" alt=\"\" width=\"480\" height=\"320\" srcset=\"https:\/\/www.feuerwehr-wattenberg.at\/wp-content\/uploads\/2018\/10\/GRA0639x-300x200.jpg 300w, https:\/\/www.feuerwehr-wattenberg.at\/wp-content\/uploads\/2018\/10\/GRA0639x-768x512.jpg 768w, https:\/\/www.feuerwehr-wattenberg.at\/wp-content\/uploads\/2018\/10\/GRA0639x-1024x682.jpg 1024w, https:\/\/www.feuerwehr-wattenberg.at\/wp-content\/uploads\/2018\/10\/GRA0639x-750x500.jpg 750w, https:\/\/www.feuerwehr-wattenberg.at\/wp-content\/uploads\/2018\/10\/GRA0639x.jpg 1280w\" sizes=\"auto, (max-width: 480px) 100vw, 480px\" \/> <img loading=\"lazy\" decoding=\"async\" class=\"alignleft wp-image-1052\" src=\"https:\/\/www.feuerwehr-wattenberg.at\/wp-content\/uploads\/2018\/10\/GRA0643x-150x150.jpg\" alt=\"\" width=\"480\" height=\"320\" srcset=\"https:\/\/www.feuerwehr-wattenberg.at\/wp-content\/uploads\/2018\/10\/GRA0643x-300x200.jpg 300w, https:\/\/www.feuerwehr-wattenberg.at\/wp-content\/uploads\/2018\/10\/GRA0643x-768x512.jpg 768w, https:\/\/www.feuerwehr-wattenberg.at\/wp-content\/uploads\/2018\/10\/GRA0643x-1024x682.jpg 1024w, https:\/\/www.feuerwehr-wattenberg.at\/wp-content\/uploads\/2018\/10\/GRA0643x-750x500.jpg 750w, https:\/\/www.feuerwehr-wattenberg.at\/wp-content\/uploads\/2018\/10\/GRA0643x.jpg 1280w\" sizes=\"auto, (max-width: 480px) 100vw, 480px\" \/> <img loading=\"lazy\" decoding=\"async\" class=\"alignleft wp-image-1053\" src=\"https:\/\/www.feuerwehr-wattenberg.at\/wp-content\/uploads\/2018\/10\/GRA0657x-150x150.jpg\" alt=\"\" width=\"480\" height=\"320\" srcset=\"https:\/\/www.feuerwehr-wattenberg.at\/wp-content\/uploads\/2018\/10\/GRA0657x-300x200.jpg 300w, https:\/\/www.feuerwehr-wattenberg.at\/wp-content\/uploads\/2018\/10\/GRA0657x-768x512.jpg 768w, https:\/\/www.feuerwehr-wattenberg.at\/wp-content\/uploads\/2018\/10\/GRA0657x-1024x682.jpg 1024w, https:\/\/www.feuerwehr-wattenberg.at\/wp-content\/uploads\/2018\/10\/GRA0657x-750x500.jpg 750w, https:\/\/www.feuerwehr-wattenberg.at\/wp-content\/uploads\/2018\/10\/GRA0657x.jpg 1280w\" sizes=\"auto, (max-width: 480px) 100vw, 480px\" \/><br \/>\n<img loading=\"lazy\" decoding=\"async\" class=\"alignleft wp-image-1054\" src=\"https:\/\/www.feuerwehr-wattenberg.at\/wp-content\/uploads\/2018\/10\/GRA99999-150x150.jpg\" alt=\"\" width=\"225\" height=\"150\" srcset=\"https:\/\/www.feuerwehr-wattenberg.at\/wp-content\/uploads\/2018\/10\/GRA99999-300x200.jpg 300w, https:\/\/www.feuerwehr-wattenberg.at\/wp-content\/uploads\/2018\/10\/GRA99999-768x512.jpg 768w, https:\/\/www.feuerwehr-wattenberg.at\/wp-content\/uploads\/2018\/10\/GRA99999-1024x682.jpg 1024w, https:\/\/www.feuerwehr-wattenberg.at\/wp-content\/uploads\/2018\/10\/GRA99999-750x500.jpg 750w, https:\/\/www.feuerwehr-wattenberg.at\/wp-content\/uploads\/2018\/10\/GRA99999.jpg 1280w\" sizes=\"auto, (max-width: 225px) 100vw, 225px\" \/><\/p>\n","protected":false},"excerpt":{"rendered":"<p>Heute (11.10.2018) um 04:40 Uhr in der Fr\u00fch r\u00fcckten wir zu einem Fahrzeugbrand aus. Beim Eintreffen am Einsatzort stand das Fahrzeug bereits in Vollbrand. Der Pr\u00e4senzdiener befand sich auf dem Weg zum Dienst Richtung Truppen\u00fcbungsplatz Walchen\/Lizum, als das Auto pl\u00f6tzlich aus unbekannter Ursache Feuer fing. Verletzt wurde niemand, der Pr\u00e4senzdiener&#8230;<\/p>\n<p> <a class=\"continue-reading-link\" href=\"https:\/\/www.feuerwehr-wattenberg.at\/?p=1055\"><span>WEITERLESEN<\/span><i class=\"crycon-right-dir\"><\/i><\/a> <\/p>\n","protected":false},"author":1,"featured_media":0,"comment_status":"closed","ping_status":"closed","sticky":false,"template":"","format":"standard","meta":{"footnotes":""},"categories":[4],"tags":[],"class_list":["post-1055","post","type-post","status-publish","format-standard","hentry","category-berichte-einsaetze"],"amp_enabled":true,"_links":{"self":[{"href":"https:\/\/www.feuerwehr-wattenberg.at\/index.php?rest_route=\/wp\/v2\/posts\/1055","targetHints":{"allow":["GET"]}}],"collection":[{"href":"https:\/\/www.feuerwehr-wattenberg.at\/index.php?rest_route=\/wp\/v2\/posts"}],"about":[{"href":"https:\/\/www.feuerwehr-wattenberg.at\/index.php?rest_route=\/wp\/v2\/types\/post"}],"author":[{"embeddable":true,"href":"https:\/\/www.feuerwehr-wattenberg.at\/index.php?rest_route=\/wp\/v2\/users\/1"}],"replies":[{"embeddable":true,"href":"https:\/\/www.feuerwehr-wattenberg.at\/index.php?rest_route=%2Fwp%2Fv2%2Fcomments&post=1055"}],"version-history":[{"count":9,"href":"https:\/\/www.feuerwehr-wattenberg.at\/index.php?rest_route=\/wp\/v2\/posts\/1055\/revisions"}],"predecessor-version":[{"id":1069,"href":"https:\/\/www.feuerwehr-wattenberg.at\/index.php?rest_route=\/wp\/v2\/posts\/1055\/revisions\/1069"}],"wp:attachment":[{"href":"https:\/\/www.feuerwehr-wattenberg.at\/index.php?rest_route=%2Fwp%2Fv2%2Fmedia&parent=1055"}],"wp:term":[{"taxonomy":"category","embeddable":true,"href":"https:\/\/www.feuerwehr-wattenberg.at\/index.php?rest_route=%2Fwp%2Fv2%2Fcategories&post=1055"},{"taxonomy":"post_tag","embeddable":true,"href":"https:\/\/www.feuerwehr-wattenberg.at\/index.php?rest_route=%2Fwp%2Fv2%2Ftags&post=1055"}],"curies":[{"name":"wp","href":"https:\/\/api.w.org\/{rel}","templated":true}]}}